{"id":2170,"date":"2024-12-23T13:59:47","date_gmt":"2024-12-23T12:59:47","guid":{"rendered":"https:\/\/merceribera.framegirona.dev\/?p=2170"},"modified":"2024-12-23T14:05:59","modified_gmt":"2024-12-23T13:05:59","slug":"exposicion-haikus-y-fotoficciones","status":"publish","type":"post","link":"http:\/\/merceribera.net\/en\/exposicion-haikus-y-fotoficciones\/","title":{"rendered":"Exhibition Haikus and Photofictions"},"content":{"rendered":"<p>Exposici\u00f3n itinerante con la cual he participado con dos fotograf\u00edas. La exposici\u00f3n es de Jordi Font Agust\u00ed i Anna Esp\u00ed.<\/p>","protected":false},"excerpt":{"rendered":"<p>Exposici\u00f3n itinerante con la cual he participado con dos fotograf\u00edas. La exposici\u00f3n es de Jordi Font Agust\u00ed i Anna Esp\u00ed.<\/p>","protected":false},"author":1,"featured_media":2174,"comment_status":"open","ping_status":"open","sticky":false,"template":"","format":"standard","meta":{"_acf_changed":false,"footnotes":""},"categories":[4],"tags":[],"class_list":["post-2170","post","type-post","status-publish","format-standard","has-post-thumbnail","hentry","category-exposiciones"],"acf":[],"_links":{"self":[{"href":"http:\/\/merceribera.net\/en\/wp-json\/wp\/v2\/posts\/2170","targetHints":{"allow":["GET"]}}],"collection":[{"href":"http:\/\/merceribera.net\/en\/wp-json\/wp\/v2\/posts"}],"about":[{"href":"http:\/\/merceribera.net\/en\/wp-json\/wp\/v2\/types\/post"}],"author":[{"embeddable":true,"href":"http:\/\/merceribera.net\/en\/wp-json\/wp\/v2\/users\/1"}],"replies":[{"embeddable":true,"href":"http:\/\/merceribera.net\/en\/wp-json\/wp\/v2\/comments?post=2170"}],"version-history":[{"count":0,"href":"http:\/\/merceribera.net\/en\/wp-json\/wp\/v2\/posts\/2170\/revisions"}],"wp:featuredmedia":[{"embeddable":true,"href":"http:\/\/merceribera.net\/en\/wp-json\/wp\/v2\/media\/2174"}],"wp:attachment":[{"href":"http:\/\/merceribera.net\/en\/wp-json\/wp\/v2\/media?parent=2170"}],"wp:term":[{"taxonomy":"category","embeddable":true,"href":"http:\/\/merceribera.net\/en\/wp-json\/wp\/v2\/categories?post=2170"},{"taxonomy":"post_tag","embeddable":true,"href":"http:\/\/merceribera.net\/en\/wp-json\/wp\/v2\/tags?post=2170"}],"curies":[{"name":"wp","href":"https:\/\/api.w.org\/{rel}","templated":true}]}}